{"id":921,"date":"2017-05-28T09:04:24","date_gmt":"2017-05-28T07:04:24","guid":{"rendered":"http:\/\/www.pisabocce.it\/?p=921"},"modified":"2017-05-28T09:04:24","modified_gmt":"2017-05-28T07:04:24","slug":"pisa-bocce-news-del-10-maggio","status":"publish","type":"post","link":"http:\/\/pisabocce.it\/?p=921","title":{"rendered":"Pisa Bocce News del 10 Maggio"},"content":{"rendered":"<p><span style=\"font-size: large\"><i>Carissimi\/e,<\/i><\/span><\/p>\n<div><span style=\"font-size: large\">\u00a0<\/span><\/div>\n<div><span style=\"font-size: large\">questi i prossimi appuntamenti e le ultime notizie:<\/span><\/div>\n<div><span style=\"font-size: large\">\u00a0<\/span><\/div>\n<div><span style=\"font-size: large\"><u>Appuntamenti:<\/u><\/span><\/div>\n<div><span style=\"font-size: large\">\u00a0<\/span><\/div>\n<div><span style=\"font-size: large\"><i>&#8211; <b>SABATO 13 MAGGIO<\/b> &#8211; <u><b>CAMPIONATI REGIONALI &#8211; SESTO FIORENTINO (FI)\u00a0<\/b><\/u><\/i><\/span><\/div>\n<div><span style=\"font-size: large\"><u>Il ritrovo per andare insieme \u00e8 fissato per <b>Sabato alle ore 7.30<\/b> davanti ai campi del Viale<\/u>.\u00a0<\/span><\/div>\n<div><span style=\"font-size: large\">Dopo le vittorie nella categoria a coppie conquistate nel 2014 (<i>Lazzeroni\/Lamhaimar<\/i>) e del 2016 (<i>Del Carlo S.\/Del Carlo A.<\/i>), i nostri atleti proveranno a portare a Pisa il titolo a coppie e speriamo, mai successo, quello individuale. Sicuramente ce la metteremo tutta. In bocca al lupo a tutti i nostri atleti partecipanti.<\/span><\/div>\n<div><span style=\"font-size: large\">\u00a0<\/span><\/div>\n<div><span style=\"font-size: large\"><i>&#8211; <b>DOMENICA 21 MAGGIO <\/b>&#8211; <u><b>VI TROFEO DI S. UBALDO &#8211; Pisa<\/b><\/u><\/i><\/span><\/div>\n<div><span style=\"font-size: large\">E&#8217; ormai vicinissimo il nostro evento &#8220;storico&#8221; annuale (in allegato invio il volantino): fin dal primo anno, 2012, dopo poche settimane in cui iniziammo la &#8220;sfida&#8221; di praticare le bocce e la petanque nella nostra citt\u00e0, ogni anno abbiamo organizzato questo torneo in occasione della fiera di S. Ubaldo. Spero che tutti i nostri soci e simpatizzanti giochino questo torneo che ha proprio lo spirito di coinvolgere al massimo anche coloro che praticano di meno e che non partecipano ad altre gare. E&#8217; anche l&#8217;occasione per invitare amici a provare a giocare (nei giorni precedenti, dal gioved\u00ec al sabato) e, perch\u00e8 no, farli cimentare in un vero e proprio torneo che \u00e8 di carattere promozionale.<\/span><\/div>\n<div><\/div>\n<div><span style=\"font-size: large\"><u>Notizie:<\/u><\/span><\/div>\n<div><\/div>\n<div><span style=\"font-size: large\"><b>&#8211; Nomina a Delegato Provinciale FIB:<\/b><\/span><\/div>\n<div><span style=\"font-size: large\">Nei giorni scorsi ho ricevuto ufficialmente la nomina a delegato provinciale della Federazione. Un&#8217;ulteriore attestato di stima per il lavoro e l&#8217;impegno svolto in questi anni: mi pare giusto condividerlo con ognuno di voi. In tutta la Provincia di Pisa noi siamo l&#8217;unica societ\u00e0 affiliata alla federazione, e quindi si tratta di un lavoro tutto da costruire nei prossimi anni per provare a far crescere la realt\u00e0 delle bocce, nelle varie specialit\u00e0 e specificit\u00e0.\u00a0<\/span><\/div>\n<div><span style=\"font-size: large\">\u00a0<\/span><\/div>\n<div><span style=\"font-size: large\">&#8211;<b>\u00a0TROFEO\/CAMPIONATO PISA BOCCE &#8211; Ecco le date<\/b><\/span><\/div>\n<div><span style=\"font-size: large\">In attesa del volantino e del regolamento, vi comunico le date che abbiamo individuato per il nostro campionato tra soci che assegner\u00e0 il titolo di campione Pisa Bocce (spec. Petanque). Come per il campionato regionale della Fib ogni gara sar\u00e0 un torneo con un vincitore e dei punti assegnati ai vari partecipanti in base alle gare vinte e al piazzamento finale nella singola prova. Ci sar\u00e0 una classifica che terr\u00e0 conto delle migliori quattro prove.\u00a0<\/span><\/div>\n<div><span style=\"font-size: large\">Segnatevele in agenda&#8230;<\/span><\/div>\n<div>\n<div><i><u><span style=\"font-size: large\">&#8211; Gioved\u00ec 8 Giugno ore 18.30 (Pisa);\u00a0<\/span>&#8211; Domenica 9 Luglio ore 17 (Riparbella);\u00a0&#8211; Sabato 26 Agosto ore 17 (Pisa); &#8211;\u00a0Gioved\u00ec 7 settembre ore 18.30 (Pisa);\u00a0&#8211; Domenica 8 Ottobre ore 9.30 (Riparbella);\u00a0&#8211; Sabato 28 Ottobre &#8211; 15.30 (Pisa).<\/u><\/i><\/div>\n<\/div>\n<div><\/div>\n<div>Faremo una cosa simile anche per i nostri appassionati di raffa, qualora ci sar\u00e0 l&#8217;interesse a partecipare di almeno quattro nostri soci.<\/div>\n<div>\n<div><span style=\"font-size: large\"><b><br class=\"m_138419003022804852gmail-m_-4725538417249174070gmail-Apple-interchange-newline\" \/>&#8211; SABATO 20 MAGGIO &#8211;\u00a0<\/b><u>ASSEMBLEA REGIONALE ORDINARIA ELETTIVA della FIB Toscana &#8211; Firenze<\/u><\/span><\/div>\n<div><span style=\"font-size: large\">Sabato 20 maggio a Firenze si terr\u00e0 l&#8217;assemblea regionale che elegger\u00e0 il nuovo presidente. Io sar\u00f2 presente: chi \u00e8 interessato a partecipare me lo faccia sapere. Oltre al presidente, hanno diritto di voto il Direttore Tecnico (Christophe)\u00a0<\/span><\/div>\n<div><span style=\"font-size: large\">e il rappresentante degli Atleti (Liborio) indicati lo scorso anno.<\/span><\/div>\n<\/div>\n<div><\/div>\n<div>\n<div><span style=\"font-size: large\"><b>Inviti ricevuti da altre societ\u00e0:\u00a0<\/b><\/span><\/div>\n<div><span style=\"font-size: large\">Invio in allegato questi due volantini che abbiamo ricevuto via e-mail nei giorni scorsi. Chi fosse interessato a partecipare me lo pu\u00f2 comunicare per provvedere alle relative iscrizioni.\u00a0<\/span><\/div>\n<div><\/div>\n<\/div>\n<div><span style=\"font-size: large\">Un caro saluto a tutti.<\/span><\/div>\n<div><span style=\"font-size: large\">\u00a0<\/span><\/div>\n<div><span style=\"font-size: large\"><i>Carlo<\/i><\/span><\/div>\n","protected":false},"excerpt":{"rendered":"<p>Carissimi\/e, \u00a0 questi i prossimi appuntamenti e le ultime notizie: \u00a0 Appuntamenti: \u00a0 &#8211; SABATO 13 MAGGIO &#8211; CAMPIONATI REGIONALI &#8211; SESTO FIORENTINO (FI)\u00a0 Il ritrovo per andare insieme \u00e8 fissato per Sabato alle ore 7.30 davanti ai campi del Viale.\u00a0 Dopo le vittorie nella categoria a coppie conquistate nel 2014 (Lazzeroni\/Lamhaimar) e del 2016 &hellip; <\/p>\n<p><a class=\"more-link btn\" href=\"http:\/\/pisabocce.it\/?p=921\">Continua a leggere<\/a><\/p>\n","protected":false},"author":301,"featured_media":0,"comment_status":"open","ping_status":"open","sticky":false,"template":"","format":"standard","meta":{"_monsterinsights_skip_tracking":false,"_monsterinsights_sitenote_active":false,"_monsterinsights_sitenote_note":"","_monsterinsights_sitenote_category":0,"footnotes":""},"categories":[1],"tags":[],"class_list":["post-921","post","type-post","status-publish","format-standard","hentry","category-senza-categoria","item-wrap"],"_links":{"self":[{"href":"http:\/\/pisabocce.it\/index.php?rest_route=\/wp\/v2\/posts\/921","targetHints":{"allow":["GET"]}}],"collection":[{"href":"http:\/\/pisabocce.it\/index.php?rest_route=\/wp\/v2\/posts"}],"about":[{"href":"http:\/\/pisabocce.it\/index.php?rest_route=\/wp\/v2\/types\/post"}],"author":[{"embeddable":true,"href":"http:\/\/pisabocce.it\/index.php?rest_route=\/wp\/v2\/users\/301"}],"replies":[{"embeddable":true,"href":"http:\/\/pisabocce.it\/index.php?rest_route=%2Fwp%2Fv2%2Fcomments&post=921"}],"version-history":[{"count":0,"href":"http:\/\/pisabocce.it\/index.php?rest_route=\/wp\/v2\/posts\/921\/revisions"}],"wp:attachment":[{"href":"http:\/\/pisabocce.it\/index.php?rest_route=%2Fwp%2Fv2%2Fmedia&parent=921"}],"wp:term":[{"taxonomy":"category","embeddable":true,"href":"http:\/\/pisabocce.it\/index.php?rest_route=%2Fwp%2Fv2%2Fcategories&post=921"},{"taxonomy":"post_tag","embeddable":true,"href":"http:\/\/pisabocce.it\/index.php?rest_route=%2Fwp%2Fv2%2Ftags&post=921"}],"curies":[{"name":"wp","href":"https:\/\/api.w.org\/{rel}","templated":true}]}}