{"id":1185,"date":"2018-03-22T11:14:14","date_gmt":"2018-03-22T10:14:14","guid":{"rendered":"http:\/\/pisabocce.matteoli.eu\/?p=1185"},"modified":"2018-03-22T11:14:14","modified_gmt":"2018-03-22T10:14:14","slug":"pisa-bocce-news-del-8-marzo","status":"publish","type":"post","link":"https:\/\/pisabocce.it\/?p=1185","title":{"rendered":"[:it]Pisa Bocce News del 8 Marzo[:]"},"content":{"rendered":"<p>[:it]<\/p>\n<div dir=\"ltr\"><span style=\"font-family: arial, helvetica, sans-serif;font-size: large\"><i>Carissimi\/e,<\/i><\/span><\/div>\n<div dir=\"ltr\"><span style=\"font-family: arial, helvetica, sans-serif;font-size: large\"><i>\u00a0<\/i><\/span><\/div>\n<div dir=\"ltr\"><span style=\"font-family: arial, helvetica, sans-serif;font-size: large\">con i migliori auguri alle nostre tre socie Anna, Claudia ed Adina,<\/span><\/div>\n<div dir=\"ltr\"><span style=\"font-family: arial, helvetica, sans-serif;font-size: large\">\u00a0<\/span><\/div>\n<div dir=\"ltr\"><span style=\"font-family: arial, helvetica, sans-serif;font-size: large\">ecco le ultime notizie e i prossimi appuntamenti:<\/span><\/div>\n<div dir=\"ltr\"><span style=\"font-family: arial, helvetica, sans-serif;font-size: large\">\u00a0<\/span><\/div>\n<div dir=\"ltr\"><span style=\"font-family: arial, helvetica, sans-serif;font-size: large\">&#8211;\u00a0<b><u><i>COMPLIMENTI E BUON LAVORO AL NOSTRO NUOVO CONSIGLIO DIRETTIVO:\u00a0<\/i><\/u><\/b><\/span><\/div>\n<div><span style=\"font-family: arial, helvetica, sans-serif;font-size: large\">L&#8217;assemblea dei soci che si \u00e8 svolta sabato scorso, oltre all&#8217;approvazione del bilancio 2017 e della relazione triennale ha eletto il nuovo consiglio direttivo, cos\u00ec formato.<\/span><\/div>\n<div><span style=\"font-family: arial, helvetica, sans-serif;font-size: large\">Presidente:\u00a0<b><i>Carlo Lazzeroni<\/i><\/b><\/span><\/div>\n<div><span style=\"font-family: arial, helvetica, sans-serif;font-size: large\">Vice Presidente:\u00a0<b><i>Paolo Du\u00e8<\/i><\/b><\/span><\/div>\n<div><span style=\"font-family: arial, helvetica, sans-serif;font-size: large\">Consiglieri:\u00a0<b><i>Anna Tamagni, Samuele Franchi, Antonio Del Carlo, Mario Gioli, G.B. Marranchelli e Italo Di Ruscio.<\/i><\/b><\/span><\/div>\n<div><span style=\"font-family: arial, helvetica, sans-serif;font-size: large\">\u00a0<\/span><\/div>\n<div><span style=\"font-family: arial, helvetica, sans-serif;font-size: large\">Visto che la nostra associazione sportiva cresce l&#8217;assemblea ha deciso di aumentare i consiglieri al numero di 6.<\/span><\/div>\n<div><span style=\"font-family: arial, helvetica, sans-serif;font-size: large\">Un ringraziamento ai consiglieri uscenti Christophe Di Meglio e Mario di Ruscio per il lavoro svolto in questi anni e un in bocca al lupo particolari ai nuovi consiglieri eletti per la prima volta: Samuele, Antonio, Mario Gioli e Italo!<\/span><\/div>\n<div><span style=\"font-family: arial, helvetica, sans-serif;font-size: large\"><u><b>\u00a0<\/b><\/u><\/span><\/div>\n<div><u><b><i>&#8211; PRIMA GARA CIRCUITO REGIONALE DI PETANQUE &#8211; MASSA &#8211; DOMENICA 11 MARZO:<\/i><\/b><\/u><b><br \/>\n<\/b><\/div>\n<div>Domenica inizia il circuito regionale di petanque. Invio in allegato il volantino.<\/div>\n<div><u><b>Il ritrovo per chi vuole andare insieme \u00e8 fissato per le ore 7.50 presso i campi\/Bar Salvini.<\/b><\/u>\u00a0Facciamo colazione e partiamo!<\/div>\n<div>Hanno gi\u00e0 confermato la presenza una dozzina di nostri atleti e soci. Fatemi sapere quanto prima chi \u00e8 interessato ad andare, anche per coordinarci per la gara a coppie del pomeriggio.<\/div>\n<div>Il pranzo sar\u00e0 a 15 euro presso la bocciofila di Massa.<\/div>\n<div><\/div>\n<div><span style=\"font-family: arial, helvetica, sans-serif;font-size: large\"><i><b><u>Nota bene:<\/u><\/b>\u00a0le previsioni per domenica non sono &#8220;bellissime&#8221;. La federazione valuter\u00e0 sabato, d&#8217;accordo con la societ\u00e0 di Massa, se eventualmente rinviare la gara per il maltempo.<\/i><\/span><\/div>\n<div><span style=\"font-family: arial, helvetica, sans-serif;font-size: large\"><i>Se non riceverete comunicazione contraria, la gara di domenica si svolger\u00e0 regolarmente, sperando come lo scorso anno che il tempo ci assista.<\/i><\/span><\/div>\n<div><span style=\"font-family: arial, helvetica, sans-serif;font-size: large\"><i>\u00a0<\/i><\/span><\/div>\n<div><span style=\"font-family: arial, helvetica, sans-serif;font-size: large\"><i>&#8211;<b><u>\u00a0NUOVE DIVISE:\u00a0<\/u><\/b><\/i><\/span><\/div>\n<div><span style=\"font-family: arial, helvetica, sans-serif;font-size: large\">All&#8217;assemblea \u00e8 stata presentata ufficialmente la nostra nuova divisa, formata da una tuta e da una polo.<\/span><\/div>\n<div><span style=\"font-family: arial, helvetica, sans-serif;font-size: large\">In allegato potete vederla, anche in formato definitivo, con i loghi e le relative scritte.<\/span><\/div>\n<div><span style=\"font-family: arial, helvetica, sans-serif;font-size: large\">Sulle polo grigie, dietro, \u00e8 stato deciso di personalizzarle con il proprio cognome.<\/span><\/div>\n<div><span style=\"font-family: arial, helvetica, sans-serif;font-size: large\">Le tute e le polo sono della marca Errea, in Microfibra: \u00e8 un prodotto di qualit\u00e0 che abbiamo scelto, per far fare anche dal punto di vista dell&#8217;immagine un salto di qualit\u00e0 importante.<\/span><\/div>\n<div><span style=\"font-family: arial, helvetica, sans-serif;font-size: large\">Sul commercio il completo ha un costo che si aggira sui 90 euro.\u00a0<\/span><\/div>\n<div><span style=\"font-family: arial, helvetica, sans-serif;font-size: large\">Il costo che abbiamo concordato per la nostra asd \u00e8 di 50 + 6 euro (i diversi loghi e la personalizzazione del nome).<\/span><\/div>\n<div><span style=\"font-family: arial, helvetica, sans-serif;font-size: large\">Il vecchio consiglio direttivo ha deciso di investire molto su questa nuova divisa e sulla possibilit\u00e0 di dare a tutti i soci la possibilit\u00e0 di acquistarla e perci\u00f2 contribuisce in modo cospicuo per abbattere tale cifra.<\/span><\/div>\n<div><span style=\"font-family: arial, helvetica, sans-serif;font-size: large\">\u00a0<\/span><\/div>\n<div><span style=\"font-family: arial, helvetica, sans-serif;font-size: large\">Il costo a carico del nostro socio sar\u00e0 quindi di sole\u00a0<b><u>35 euro.<\/u><\/b><\/span><\/div>\n<div><span style=\"font-family: arial, helvetica, sans-serif;font-size: large\">\u00a0<\/span><\/div>\n<div><span style=\"font-family: arial, helvetica, sans-serif;font-size: large\">Il consiglio direttivo ha altres\u00ec deciso di fare un ulteriore sconto di 10 euro, per i soci 2018 che acquisteranno il completo nelle prossime settimane.<\/span><\/div>\n<div><span style=\"font-family: arial, helvetica, sans-serif;font-size: large\"><b>Il costo della nuova divisa per chi acquista\u00a0entro il 31 marzo\u00a0sar\u00e0 di sole\u00a0<u>25 euro<\/u>.<br \/>\n<\/b><\/span><\/div>\n<div><span style=\"font-family: arial, helvetica, sans-serif;font-size: large\">Questo per\u00a0<\/span>per fare in modo che ci sia\u00a0una grande maggioranza di soci che indossino la nostra nuova divisa\u00a0gi\u00e0 a partire dalle prossime gare e sicuramente per i nostri appuntamenti pisani pi\u00f9 importanti di petanque:\u00a0maggio (s. Ubaldo), giugno (finale interregionale) e settembre (Trofeo Vitali).<\/div>\n<div><span style=\"font-family: arial, helvetica, sans-serif;font-size: large\"><u><b>Approfittatene!!\u00a0<\/b><\/u><\/span><\/div>\n<div><span style=\"font-family: arial, helvetica, sans-serif;font-size: large\">\u00a0<\/span><\/div>\n<div><span style=\"font-family: arial, helvetica, sans-serif;font-size: large\">Comunico che le tute possono essere viste e provate presso il negozio\u00a0<i>RGM sport,\u00a0<\/i>dove ci siamo appoggiati per l&#8217;acquisto, che si trova in Via Giovannini, 1 a Ghezzano. Via Giovannini \u00e8 la strada a 4 corsie dove si trova l&#8217;ingresso del CNR. Venendo da Pisa, superato il CNR e il nuovo palazzo di chimica farmaceutica, si che collega la rotatoria area via garibaldi\/via di pratale e via calcesana con la zona di via cisanello\/calcesana dell&#8217;ospedale La via \u00e8 una piccola traversa della strada a 4 corsie dove c&#8217;\u00e8 l&#8217;ingresso del CNR. Venendo da Pisa, superato l&#8217;ingresso del Cnr, si va sempre avanti fino a subito dopo il distributore della Q8, dove a destra si imbocca una strada e poi sulla sinistra c&#8217;\u00e8 una piazzetta\u00a0 e l\u00ec vedete anche il negozio RGM sport.\u00a0<\/span><\/div>\n<div><span style=\"font-family: arial, helvetica, sans-serif;font-size: large\">L\u00ec vi presentate e hanno l&#8217;elenco dei soci. Potete provarla e ordinarla e poi mi contattate per pagare a me la vostra quota.<\/span><\/div>\n<div><span style=\"font-family: arial, helvetica, sans-serif;font-size: large\">Chiamatemi per qualunque altra info.<\/span><\/div>\n<div><\/div>\n<div dir=\"ltr\"><span style=\"font-family: arial, helvetica, sans-serif;font-size: large\">&#8211;\u00a0<b><u>NUOVO SOCIO<\/u><\/b>: questa settimana diamo il nostro benvenuto a\u00a0<b><u>Sami Amri<\/u><\/b>, giocatore di petanque che, proveniente dalla Tunisia, vive a Livorno.<\/span><\/div>\n<div dir=\"ltr\"><span style=\"font-family: arial, helvetica, sans-serif;font-size: large\">Mi ha contattato qualche giorno fa, \u00e8 venuto marted\u00ec per iscriversi e domenica sar\u00e0 gi\u00e0 in campo a Massa. Ottimo direi!!!<\/span><\/div>\n<div dir=\"ltr\">\n<div><\/div>\n<div>\n<div><span style=\"font-family: arial, helvetica, sans-serif;font-size: large\">Un caro saluto a tutti.<\/span><\/div>\n<div><span style=\"font-family: arial, helvetica, sans-serif;font-size: large\">\u00a0<\/span><\/div>\n<div><span style=\"font-family: arial, helvetica, sans-serif;font-size: large\"><i>Carlo<\/i><\/span><\/div>\n<div><span style=\"font-family: arial, helvetica, sans-serif;font-size: large\">\u00a0<\/span><\/div>\n<div class=\"yj6qo\"><\/div>\n<\/div>\n<\/div>\n<p>[:]<\/p>\n","protected":false},"excerpt":{"rendered":"<p>[:it] Carissimi\/e, \u00a0 con i migliori auguri alle nostre tre socie Anna, Claudia ed Adina, \u00a0 ecco le ultime notizie e i prossimi appuntamenti: \u00a0 &#8211;\u00a0COMPLIMENTI E BUON LAVORO AL NOSTRO NUOVO CONSIGLIO DIRETTIVO:\u00a0 L&#8217;assemblea dei soci che si \u00e8 svolta sabato scorso, oltre all&#8217;approvazione del bilancio 2017 e della relazione triennale ha eletto il &hellip; <\/p>\n<p><a class=\"more-link btn\" href=\"https:\/\/pisabocce.it\/?p=1185\">Continua a leggere<\/a><\/p>\n","protected":false},"author":301,"featured_media":0,"comment_status":"open","ping_status":"open","sticky":false,"template":"","format":"standard","meta":{"_monsterinsights_skip_tracking":false,"_monsterinsights_sitenote_active":false,"_monsterinsights_sitenote_note":"","_monsterinsights_sitenote_category":0,"footnotes":""},"categories":[1],"tags":[],"class_list":["post-1185","post","type-post","status-publish","format-standard","hentry","category-senza-categoria","item-wrap"],"_links":{"self":[{"href":"https:\/\/pisabocce.it\/index.php?rest_route=\/wp\/v2\/posts\/1185","targetHints":{"allow":["GET"]}}],"collection":[{"href":"https:\/\/pisabocce.it\/index.php?rest_route=\/wp\/v2\/posts"}],"about":[{"href":"https:\/\/pisabocce.it\/index.php?rest_route=\/wp\/v2\/types\/post"}],"author":[{"embeddable":true,"href":"https:\/\/pisabocce.it\/index.php?rest_route=\/wp\/v2\/users\/301"}],"replies":[{"embeddable":true,"href":"https:\/\/pisabocce.it\/index.php?rest_route=%2Fwp%2Fv2%2Fcomments&post=1185"}],"version-history":[{"count":1,"href":"https:\/\/pisabocce.it\/index.php?rest_route=\/wp\/v2\/posts\/1185\/revisions"}],"predecessor-version":[{"id":1186,"href":"https:\/\/pisabocce.it\/index.php?rest_route=\/wp\/v2\/posts\/1185\/revisions\/1186"}],"wp:attachment":[{"href":"https:\/\/pisabocce.it\/index.php?rest_route=%2Fwp%2Fv2%2Fmedia&parent=1185"}],"wp:term":[{"taxonomy":"category","embeddable":true,"href":"https:\/\/pisabocce.it\/index.php?rest_route=%2Fwp%2Fv2%2Fcategories&post=1185"},{"taxonomy":"post_tag","embeddable":true,"href":"https:\/\/pisabocce.it\/index.php?rest_route=%2Fwp%2Fv2%2Ftags&post=1185"}],"curies":[{"name":"wp","href":"https:\/\/api.w.org\/{rel}","templated":true}]}}