{"id":1232,"date":"2018-07-23T09:21:20","date_gmt":"2018-07-23T07:21:20","guid":{"rendered":"http:\/\/pisabocce.matteoli.eu\/?p=1232"},"modified":"2018-07-23T09:21:20","modified_gmt":"2018-07-23T07:21:20","slug":"pisa-bocce-news-del-7-giugno-2","status":"publish","type":"post","link":"https:\/\/pisabocce.it\/?p=1232","title":{"rendered":"[:it]Pisa Bocce News del 7 Giugno[:]"},"content":{"rendered":"<p>[:it]<\/p>\n<div>ecco le ultime\u00a0<span class=\"il\">notizie<\/span>\u00a0e i prossimi appuntamenti:<\/div>\n<div><span style=\"font-size: large\">\u00a0<\/span><\/div>\n<div><span style=\"font-size: large\">&#8211;\u00a0<\/span><b>Marco SENSI CAMPIONE INTERREGIONALE (Emilia Romagna\/Lazio\/Toscana)<\/b><\/div>\n<div><span style=\"font-size: large\">Sabato scorso \u00e8 stata una di quelle giornate che rimarranno nella &#8220;storia&#8221; della nostra breve e piccola vita di realt\u00e0 associativa sportiva.<\/span><\/div>\n<div><span style=\"font-size: large\">Innanzitutto perch\u00e8 abbiamo ospitato il primo master interregionale e credo sia stata una bella giornata di sport, con un bel clima di amicizia in campo, grazie anche ai nostri &#8220;avversari&#8221;: il folto gruppo di amici laziali che per la prima volta incontravamo e i nostri &#8220;cugini&#8221; emiliani, con cui invece abbiamo negli anni consolidato un bel rapporto.\u00a0<\/span><\/div>\n<div><span style=\"font-size: large\">E poi \u00e8 stato anche un successo sportivo importante, il pi\u00f9 importante finora conquistato, perch\u00e8 abbiamo conquistato il titolo singolare la mattina, grazie al nostro giocatore pi\u00f9 forte\u00a0<b>Marco Sensi<\/b>\u00a0e nel pomeriggio abbiamo conquistato anche il titolo a coppie, grazia a\u00a0<b>Marco e Samuele Franchi.<\/b><\/span><\/div>\n<div><span style=\"font-size: large\"><b>Grandissimi Marco e Samuele!!<\/b><\/span><\/div>\n<div><span style=\"font-size: large\">Bene nel singolare anche gli altri due pisani in gara:\u00a0<b>Pietro Marranchelli e Samuele Franchi,\u00a0<\/b>con<b>\u00a0<\/b>entrambi che superano alla grande la propria poule vincendole ma poi sono costretti a fermarsi ai quarti di finale (Pietro incontrando il vincitore&#8230; nel derby di casa e Samuele il forte laziale Douam).<\/span><\/div>\n<div><span style=\"font-size: large\">Secondo posto, dietro Marco per il giovane laziale Lorenzo Rocca e terzo posto per altri due giocatori del Lazio (Douam e Rocca G.)<\/span><\/div>\n<div><span style=\"font-size: large\">Nel torneo a coppie passano il primo turno anche\u00a0<b>Pietro Marranchelli\u00a0<\/b>e\u00a0<b>Carlo Lazzeroni,\u00a0<\/b>poi battuti nei quarti da Douam \/ Rocca.<\/span><\/div>\n<div><span style=\"font-size: large\">Esce con onore dal torneo anche la terza coppia rossocrociata formata da\u00a0<b>Antonio Del Carlo e Paolo Du\u00e8<\/b>.<\/span><\/div>\n<div><span style=\"font-size: large\">Marco e Samuele vincono meritatamente il torneo battendo nella finalissima la coppia Rocca Lorenzo e Rocca Gianfranco del Lazio.<\/span><\/div>\n<div><span style=\"font-size: large\">Terzi gli emiliani Stefani\/Bocchi e i laziali Douam\/Rocca.<\/span><\/div>\n<div><span style=\"font-size: large\">Il Master si chiude con la Toscana (con\u00a0<span class=\"il\">Pisa<\/span>\u00a0<span class=\"il\">Bocce<\/span>) che conquista due ori, il Lazio mostra la propria qualit\u00e0 tecnica complessiva conquistando due argenti e tre bronzi, l&#8217;Emilia conclude con 1 bronzo.<\/span><\/div>\n<div><span style=\"color: #444444;font-size: large\"><span class=\"m_7653399651642519956gmail-text_exposed_show\">Un grazie di cuore ai numerosi soci e simpatizzanti che ci hanno dato una mano nell&#8217;organizzazione e che sono stati presenti per gran parte della giornata, condividendo al meglio uno spirito di &#8220;squadra&#8221;.<br \/>\nAl\u00e8\u00a0<span class=\"il\">Pisa<\/span>\u00a0<span class=\"il\">Bocce<\/span>, viva la petanque toscana e del centro-italia e appuntamento alla prossima edizione!!<\/span><\/span><\/div>\n<div><\/div>\n<div>\n<div><span style=\"font-size: large\">CAMPIONATI NAZIONALI:<\/span><\/div>\n<div><span style=\"font-size: large\">E dopo la vittoria del circuito regionale, quello interregionale tra tre regioni&#8230;ora proviamo a scalare la cima.<\/span><\/div>\n<div><span style=\"font-size: large\">Il nostro Marco Sensi il 16 e il 17 giugno parteciper\u00e0 alla prova singolare a Cuneo.<\/span><\/div>\n<div><span style=\"font-size: large\">Dopo diverse partecipazioni in cui i nostri atleti andavano principalmente per fare esperienza e crescere quest&#8217;anno Marco Sensi ha le capacit\u00e0 tecniche per giocarsi il titolo nazionale.<\/span><\/div>\n<div><span style=\"font-size: large\">Gli facciamo un grosso in bocca al lupo e sicuramente tiferemo tutti per lui. Ricordo che non esiste pi\u00f9 il quorum e tutti gli atleti passano dalle fasi eliminatorie previste il giorno prima (il sabato).<\/span><\/div>\n<div><span style=\"font-size: large\">Chi vuole andare alle prove singolari, a quelle in coppie e a quelle a terna, fatemelo sapere quanto prima. Sotto metto nuovamente le date.<\/span><\/div>\n<div><span style=\"font-size: large\">Alla prova del 16 e 17 ha dato la propria disponibilit\u00e0 anche Paolo Du\u00e8.<\/span><\/div>\n<div><span style=\"font-size: large\">Organizziamoci specialmente per mettere in campo altre coppie (oltre a Marco Sensi e Samuele Franchi che hanno gi\u00e0 dato la loro disponibilit\u00e0) e magari a formare almeno una terna&#8230;<\/span><\/div>\n<div><span style=\"font-size: large\">Al\u00e8\u00a0<span class=\"il\">pisa<\/span>\u00a0<span class=\"il\">bocce<\/span>!!<\/span><\/div>\n<div><\/div>\n<div><span style=\"font-size: large\"><b>&#8211;\u00a0Sab. 16\u00a0 e Dom. 17 Giugno:\u00a0<\/b>Campionati Italiani di promozione Individuali cat. D &#8211; Paesana &#8211; Cuneo<\/span><\/div>\n<div><span style=\"font-size: large\"><b>&#8211; Dom. 24 Giugno<\/b>\u00a0Campionati Italiani Giovanili Individuale U18 e Coppie U15 &#8211; Cuneo &#8211; Cuneo<\/span><\/div>\n<div><span style=\"font-size: large\">&#8211;\u00a0<b>Sab. 30 giugno e Dom. 1 Luglio:\u00a0<\/b>Campionati Italiani di promozione Terne Cat. C &#8211; U.P.D. Niellese &#8211; Cuneo<\/span><\/div>\n<div><span style=\"font-size: large\"><b>&#8211; Sab. 14 &#8211; Dom. 15 Luglio:<\/b>\u00a0Campionati Italiani di promozione Coppie Cat. B\/BF &#8211; Caragliese &#8211; Cuneo<\/span><\/div>\n<div><span style=\"font-size: large\">&#8211;\u00a0<b>Sab. 14 &#8211; Dom. 15 Luglio:<\/b>\u00a0Campionati Italiani di promozione Coppie Cat. D &#8211; S.M.S.Messina &#8211; Genova<\/span><\/div>\n<\/div>\n<div><span style=\"font-size: large\"><b>&#8211; Trofeo Vitali 2018<\/b>: Come saprete il torneo dedicato al nostro caro Giancarlo quest&#8217;anno si svolger\u00e0 a Riparbella il 15\/16 settembre.<\/span><\/div>\n<div><span style=\"font-size: large\">Come successo nella prima edizione saranno previsti due tornei ufficiali, il sabato a coppie e la domenica a terne.<\/span><\/div>\n<div><span style=\"font-size: large\">Quanto prima verr\u00e0 pubblicato il regolamento e la locandina.<\/span><\/div>\n<div><span style=\"font-size: large\">Naturalmente c&#8217;\u00e8 bisogno dell&#8217;impegno di tutti i soci per organizzare al meglio il nostro appuntamento pi\u00f9 importante, che \u00e8 riuscito ad attirare nei primi due anni tra i migliori giocatori e giocatrici del panorama italiano della petanque.<\/span><\/div>\n<div><span style=\"font-size: large\">Anna, Paolo e Antonio sono i responsabili del comitato organizzatore che si \u00e8 gi\u00e0 messo in moto nell&#8217;organizzazione dell&#8217;evento.<\/span><\/div>\n<div><span style=\"font-size: large\">\u00a0<\/span><\/div>\n<div>\n<div><b>&#8211; 1 CAMPIONATO TRIATHLON delle\u00a0<span class=\"il\">bocce<\/span>:\u00a0<\/b>Il campionato delle tre discipline (petanque, raffa e striscio) da me organizzato in qualit\u00e0 di delegato provinciale FIB sta per iniziare (la prossima settimana sar\u00e0 stilato il calendario delle gare) e ha visto finora l&#8217;iscrizione di 9 partecipanti, 4 dei quali della nostra Asd (Liborio, Mario G., Luciano e G.B.). Faccio un appello ad iscriversi anche ai petanquisti pi\u00f9 puri&#8230; credo possa essere veramente l&#8217;occasione per conoscere le tre discipline pi\u00f9 radicate nel nostro territorio e fare\u00a0 una bella esperienza di arricchimento a tutto tondo!!<\/div>\n<div>Per iscriversi c&#8217;\u00e8 tempo fino a luned\u00ec!!<\/div>\n<div>\n<div>\n<div><span style=\"font-size: large\"><b>\u00a0<\/b><\/span><\/div>\n<div><span style=\"font-size: large\"><b>&#8211; CAMPIONATO TRA SOCI:<\/b>\u00a0A breve partir\u00e0 anche l&#8217;edizione 2018 della sfida tra soci che assegner\u00e0 il relativo titolo, conquistato nel 2017 da Samuele.<\/span><\/div>\n<div><span style=\"font-size: large\">La novit\u00e0 dell&#8217;edizione 2018 sar\u00e0 che si giocheranno anche gare a coppie e a terne.<\/span><\/div>\n<div><span style=\"font-size: large\">La classifica sar\u00e0 per\u00f2 unica e le giornate di gioco saranno solo 4, ma per tutta la giornata (quindi 8 prove per la classifica, contando quelle della mattina e quelle della sera).<\/span><\/div>\n<div><span style=\"font-size: large\">Si inizier\u00e0 tra giugno\/luglio fino a ottobre e si giocher\u00e0 per tre volte a\u00a0<span class=\"il\">Pisa<\/span>\u00a0e una volta a Riparbella.<\/span><\/div>\n<div><span style=\"font-size: large\">Nella prossima e-<span class=\"il\">news<\/span>\u00a0saranno diffuse le date.<\/span><\/div>\n<\/div>\n<\/div>\n<\/div>\n<div><span style=\"font-size: large\">\u00a0<\/span><\/div>\n<div><span style=\"font-size: large\">Un caro saluto a tutti.<\/span><\/div>\n<div><span style=\"font-size: large\">\u00a0<\/span><\/div>\n<div><span style=\"font-size: large\"><i>Carlo<\/i><\/span><\/div>\n<p>[:]<\/p>\n","protected":false},"excerpt":{"rendered":"<p>[:it] ecco le ultime\u00a0notizie\u00a0e i prossimi appuntamenti: \u00a0 &#8211;\u00a0Marco SENSI CAMPIONE INTERREGIONALE (Emilia Romagna\/Lazio\/Toscana) Sabato scorso \u00e8 stata una di quelle giornate che rimarranno nella &#8220;storia&#8221; della nostra breve e piccola vita di realt\u00e0 associativa sportiva. Innanzitutto perch\u00e8 abbiamo ospitato il primo master interregionale e credo sia stata una bella giornata di sport, con un &hellip; <\/p>\n<p><a class=\"more-link btn\" href=\"https:\/\/pisabocce.it\/?p=1232\">Continua a leggere<\/a><\/p>\n","protected":false},"author":301,"featured_media":0,"comment_status":"open","ping_status":"open","sticky":false,"template":"","format":"standard","meta":{"_monsterinsights_skip_tracking":false,"_monsterinsights_sitenote_active":false,"_monsterinsights_sitenote_note":"","_monsterinsights_sitenote_category":0,"footnotes":""},"categories":[1],"tags":[],"class_list":["post-1232","post","type-post","status-publish","format-standard","hentry","category-senza-categoria","item-wrap"],"_links":{"self":[{"href":"https:\/\/pisabocce.it\/index.php?rest_route=\/wp\/v2\/posts\/1232","targetHints":{"allow":["GET"]}}],"collection":[{"href":"https:\/\/pisabocce.it\/index.php?rest_route=\/wp\/v2\/posts"}],"about":[{"href":"https:\/\/pisabocce.it\/index.php?rest_route=\/wp\/v2\/types\/post"}],"author":[{"embeddable":true,"href":"https:\/\/pisabocce.it\/index.php?rest_route=\/wp\/v2\/users\/301"}],"replies":[{"embeddable":true,"href":"https:\/\/pisabocce.it\/index.php?rest_route=%2Fwp%2Fv2%2Fcomments&post=1232"}],"version-history":[{"count":1,"href":"https:\/\/pisabocce.it\/index.php?rest_route=\/wp\/v2\/posts\/1232\/revisions"}],"predecessor-version":[{"id":1233,"href":"https:\/\/pisabocce.it\/index.php?rest_route=\/wp\/v2\/posts\/1232\/revisions\/1233"}],"wp:attachment":[{"href":"https:\/\/pisabocce.it\/index.php?rest_route=%2Fwp%2Fv2%2Fmedia&parent=1232"}],"wp:term":[{"taxonomy":"category","embeddable":true,"href":"https:\/\/pisabocce.it\/index.php?rest_route=%2Fwp%2Fv2%2Fcategories&post=1232"},{"taxonomy":"post_tag","embeddable":true,"href":"https:\/\/pisabocce.it\/index.php?rest_route=%2Fwp%2Fv2%2Ftags&post=1232"}],"curies":[{"name":"wp","href":"https:\/\/api.w.org\/{rel}","templated":true}]}}